{"id":683,"date":"2020-11-13T14:05:14","date_gmt":"2020-11-13T12:05:14","guid":{"rendered":"https:\/\/www.ludwig-die-stadtmaus.de\/?p=683"},"modified":"2020-11-13T14:21:09","modified_gmt":"2020-11-13T12:21:09","slug":"neue-spannende-geschichten-der-stadtmaus-ab-sofort-erhaeltlich","status":"publish","type":"post","link":"https:\/\/www.ludwig-die-stadtmaus.de\/?p=683","title":{"rendered":"Neue spannende Geschichten von Ludwig der Stadtmaus ab sofort erh\u00e4ltlich&#8230;"},"content":{"rendered":"<p>Ab dieser Woche sind nun endlich die neuen Geschichten rund um Ludwig die Stadtmaus und seinen treuen Weggef\u00e4hrten im Fachhandel erh\u00e4ltlich.<\/p>\n<div class=\"wp-block-image\">\n<figure class=\"alignleft size-medium is-resized\"><img data-recalc-dims=\"1\" loading=\"lazy\" decoding=\"async\" data-attachment-id=\"688\" data-permalink=\"https:\/\/www.ludwig-die-stadtmaus.de\/?attachment_id=688\" data-orig-file=\"https:\/\/i0.wp.com\/www.ludwig-die-stadtmaus.de\/wp-content\/uploads\/2020\/11\/Ludwig-4-e1605269265321.jpg?fit=908%2C1191&amp;ssl=1\" data-orig-size=\"908,1191\" data-comments-opened=\"1\" data-image-meta=\"{&quot;aperture&quot;:&quot;0&quot;,&quot;credit&quot;:&quot;&quot;,&quot;camera&quot;:&quot;&quot;,&quot;caption&quot;:&quot;&quot;,&quot;created_timestamp&quot;:&quot;0&quot;,&quot;copyright&quot;:&quot;&quot;,&quot;focal_length&quot;:&quot;0&quot;,&quot;iso&quot;:&quot;0&quot;,&quot;shutter_speed&quot;:&quot;0&quot;,&quot;title&quot;:&quot;&quot;,&quot;orientation&quot;:&quot;1&quot;}\" data-image-title=\"Ludwig-4\" data-image-description=\"\" data-image-caption=\"\" data-large-file=\"https:\/\/i0.wp.com\/www.ludwig-die-stadtmaus.de\/wp-content\/uploads\/2020\/11\/Ludwig-4-e1605269265321.jpg?fit=640%2C839&amp;ssl=1\" src=\"https:\/\/i0.wp.com\/www.ludwig-die-stadtmaus.de\/wp-content\/uploads\/2020\/11\/Ludwig-4.jpg?resize=248%2C322&#038;ssl=1\" alt=\"\" class=\"wp-image-688\" width=\"248\" height=\"322\"\/><\/figure>\n<\/div>\n<p>Neue Abenteuer erleben Ludwig die Stadtmaus und seine Freunde Siri und Bonnie, Matteo und Lennox, sowie Ma\u00ebllo, und Manolo in Rastatt, Durmersheim, Elchesheim-Illingen, in Sinzheim, Baden-Baden und Iffezheim.<br \/>Vor 300 Jahren verliert die Markgr\u00e4\ufb01n Augusta Sibylla bei einer Wallfahrt nach Bickesheim ein wertvolles Rosenquarz-Kruzi\ufb01x.Toni aus Sinzheim wird durch ein Naturereignis davor bewahrt, eine f\u00fcrchterlich h\u00e4ssliche Frau zu heiraten. <br \/>Ludwig die Stadtmaus lernt Johann Gottfried Tulla kennen, der anf\u00e4ngt den Rhein zu begradigen.<br \/>Zwei Kinder aus Elchesheim und Illingen verirren sich in den Rheinauen. Eine n\u00e4chtliche Suche beginnt. Dramatische Rettungsaktion an der \u00fcber\ufb02uteten Murg. Manolo und Lennox greifen ein.<br \/>Der Zeppelin landet in Baden-Baden und ein Kutschpferd knabbert einen preisw\u00fcrdigen Hut an. Die M\u00e4usefastnacht beim KD ist wieder einmal das wichtigste Fest der Rastatter Stadtm\u00e4use.<\/p>\n<p>Signierte und\/oder Widmungsexemplare erhaltet ihr direkt vom Autor unter:<br \/>Hans Peter Faller 07222-37601 oder via eMail unter <a href=\"mailto:bestellung@ludwig-die-stadtmaus.de?subject=Bestellung Ludwig die Stadtmaus Band 4\">bestellung@ludwig-die-stadtmaus.de<\/a><\/p><\/p>\n","protected":false},"excerpt":{"rendered":"<p>Ab dieser Woche sind nun endlich die neuen Geschichten rund um Ludwig die Stadtmaus und seinen treuen Weggef\u00e4hrten im Fachhandel erh\u00e4ltlich. Neue Abenteuer erleben Ludwig die Stadtmaus und seine Freunde Siri und Bonnie, Matteo und Lennox, sowie Ma\u00ebllo, und Manolo &hellip; <a href=\"https:\/\/www.ludwig-die-stadtmaus.de\/?p=683\">Weiterlesen <span class=\"meta-nav\">&rarr;<\/span><\/a><\/p>\n","protected":false},"author":2,"featured_media":0,"comment_status":"open","ping_status":"open","sticky":false,"template":"","format":"standard","meta":{"jetpack_post_was_ever_published":false,"_jetpack_newsletter_access":"","_jetpack_dont_email_post_to_subs":false,"_jetpack_newsletter_tier_id":0,"_jetpack_memberships_contains_paywalled_content":false,"_jetpack_memberships_contains_paid_content":false,"footnotes":"","jetpack_publicize_message":"","jetpack_publicize_feature_enabled":true,"jetpack_social_post_already_shared":true,"jetpack_social_options":{"image_generator_settings":{"template":"highway","default_image_id":0,"font":"","enabled":false},"version":2}},"categories":[1],"tags":[],"class_list":["post-683","post","type-post","status-publish","format-standard","hentry","category-allgemein"],"jetpack_publicize_connections":[],"jetpack_featured_media_url":"","jetpack_sharing_enabled":true,"jetpack_shortlink":"https:\/\/wp.me\/p8feVa-b1","jetpack-related-posts":[{"id":244,"url":"https:\/\/www.ludwig-die-stadtmaus.de\/?p=244","url_meta":{"origin":683,"position":0},"title":"Neue alte Geschichten von Ludwig die Stadtmaus vorgestellt","author":"Ludwig die Stadtmaus","date":"2. November 2015","format":false,"excerpt":"Offizielle Buchpr\u00e4sentation zum Folgeband von Ludwig die Stadtmaus","rel":"","context":"In &quot;Allgemein&quot;","block_context":{"text":"Allgemein","link":"https:\/\/www.ludwig-die-stadtmaus.de\/?cat=1"},"img":{"alt_text":"BT 24.10.2015","src":"https:\/\/i0.wp.com\/www.ludwig-die-stadtmaus.de\/wp-content\/uploads\/2015\/11\/BT241015-297x300.jpg?resize=350%2C200","width":350,"height":200},"classes":[]},{"id":260,"url":"https:\/\/www.ludwig-die-stadtmaus.de\/?p=260","url_meta":{"origin":683,"position":1},"title":"Neue alte Geschichten \u00fcber Ludwig die Stadtmaus im BT","author":"Ludwig die Stadtmaus","date":"30. M\u00e4rz 2016","format":false,"excerpt":"","rel":"","context":"In &quot;Allgemein&quot;","block_context":{"text":"Allgemein","link":"https:\/\/www.ludwig-die-stadtmaus.de\/?cat=1"},"img":{"alt_text":"BT vom 19.03.2016","src":"https:\/\/i0.wp.com\/www.ludwig-die-stadtmaus.de\/wp-content\/uploads\/2016\/03\/BT-vom-19.03.2016-255x300.jpg?resize=350%2C200","width":350,"height":200},"classes":[]},{"id":381,"url":"https:\/\/www.ludwig-die-stadtmaus.de\/?p=381","url_meta":{"origin":683,"position":2},"title":"Ludwig die Stadtmaus und Hans Peter Faller in Berlin","author":"Ludwig die Stadtmaus","date":"6. Juli 2017","format":false,"excerpt":"Hans Peter Faller und seine Frau sind am Freitag, dem 8. September 2017 G\u00e4ste des Bundespr\u00e4sidenten Frank Walter Steinmeier und seiner Frau Elke B\u00fcdenbender beim B\u00fcrgerfest im Park des Schlosses Bellevue in Berlin. Auf Anregung der Bundestagsabgeordneten Frau Gabriele Katzmarek wurde die Einladung ausgesprochen. Im Zentrum des B\u00fcrgerfestes steht das\u2026","rel":"","context":"In &quot;Allgemein&quot;","block_context":{"text":"Allgemein","link":"https:\/\/www.ludwig-die-stadtmaus.de\/?cat=1"},"img":{"alt_text":"","src":"","width":0,"height":0},"classes":[]},{"id":52,"url":"https:\/\/www.ludwig-die-stadtmaus.de\/?p=52","url_meta":{"origin":683,"position":3},"title":"Willkommen im neuen Web-Blog!","author":"Ludwig die Stadtmaus","date":"13. November 2014","format":false,"excerpt":"Ein herzliches Willkommen in unserem neuen Web-Blog, hier findet ihr ab sofort alle News rund um Ludwig die Stadtmaus.","rel":"","context":"In &quot;Allgemein&quot;","block_context":{"text":"Allgemein","link":"https:\/\/www.ludwig-die-stadtmaus.de\/?cat=1"},"img":{"alt_text":"","src":"","width":0,"height":0},"classes":[]},{"id":307,"url":"https:\/\/www.ludwig-die-stadtmaus.de\/?p=307","url_meta":{"origin":683,"position":4},"title":"Aus Ludwig die Stadtmaus wird &#8222;Louis, la souris citadine&#8220;","author":"Ludwig die Stadtmaus","date":"31. Juli 2016","format":false,"excerpt":"","rel":"","context":"In &quot;Allgemein&quot;","block_context":{"text":"Allgemein","link":"https:\/\/www.ludwig-die-stadtmaus.de\/?cat=1"},"img":{"alt_text":"Stadtmaus Pressetermin RA BT","src":"https:\/\/i0.wp.com\/www.ludwig-die-stadtmaus.de\/wp-content\/uploads\/2014\/11\/Stadtmaus-Pressetermin-1024x635.jpg?resize=350%2C200","width":350,"height":200,"srcset":"https:\/\/i0.wp.com\/www.ludwig-die-stadtmaus.de\/wp-content\/uploads\/2014\/11\/Stadtmaus-Pressetermin-1024x635.jpg?resize=350%2C200 1x, https:\/\/i0.wp.com\/www.ludwig-die-stadtmaus.de\/wp-content\/uploads\/2014\/11\/Stadtmaus-Pressetermin-1024x635.jpg?resize=525%2C300 1.5x"},"classes":[]},{"id":202,"url":"https:\/\/www.ludwig-die-stadtmaus.de\/?p=202","url_meta":{"origin":683,"position":5},"title":"Die Stadtmaus bei der Er\u00f6ffnung der Schlo\u00dfgalerie Rastatt","author":"Ludwig die Stadtmaus","date":"22. Mai 2015","format":false,"excerpt":"Bei der offiziellen Er\u00f6ffnung der Schlo\u00dfgalerie in Rastatt durfte Ludwig, die Stadtmaus nat\u00fcrlich nicht fehlen...","rel":"","context":"In &quot;Allgemein&quot;","block_context":{"text":"Allgemein","link":"https:\/\/www.ludwig-die-stadtmaus.de\/?cat=1"},"img":{"alt_text":"BT 02.05.2015","src":"https:\/\/i0.wp.com\/www.ludwig-die-stadtmaus.de\/wp-content\/uploads\/2015\/05\/BT01-207x300.jpg?resize=350%2C200","width":350,"height":200},"classes":[]}],"_links":{"self":[{"href":"https:\/\/www.ludwig-die-stadtmaus.de\/index.php?rest_route=\/wp\/v2\/posts\/683","targetHints":{"allow":["GET"]}}],"collection":[{"href":"https:\/\/www.ludwig-die-stadtmaus.de\/index.php?rest_route=\/wp\/v2\/posts"}],"about":[{"href":"https:\/\/www.ludwig-die-stadtmaus.de\/index.php?rest_route=\/wp\/v2\/types\/post"}],"author":[{"embeddable":true,"href":"https:\/\/www.ludwig-die-stadtmaus.de\/index.php?rest_route=\/wp\/v2\/users\/2"}],"replies":[{"embeddable":true,"href":"https:\/\/www.ludwig-die-stadtmaus.de\/index.php?rest_route=%2Fwp%2Fv2%2Fcomments&post=683"}],"version-history":[{"count":16,"href":"https:\/\/www.ludwig-die-stadtmaus.de\/index.php?rest_route=\/wp\/v2\/posts\/683\/revisions"}],"predecessor-version":[{"id":702,"href":"https:\/\/www.ludwig-die-stadtmaus.de\/index.php?rest_route=\/wp\/v2\/posts\/683\/revisions\/702"}],"wp:attachment":[{"href":"https:\/\/www.ludwig-die-stadtmaus.de\/index.php?rest_route=%2Fwp%2Fv2%2Fmedia&parent=683"}],"wp:term":[{"taxonomy":"category","embeddable":true,"href":"https:\/\/www.ludwig-die-stadtmaus.de\/index.php?rest_route=%2Fwp%2Fv2%2Fcategories&post=683"},{"taxonomy":"post_tag","embeddable":true,"href":"https:\/\/www.ludwig-die-stadtmaus.de\/index.php?rest_route=%2Fwp%2Fv2%2Ftags&post=683"}],"curies":[{"name":"wp","href":"https:\/\/api.w.org\/{rel}","templated":true}]}}