{"id":260,"date":"2016-03-30T16:53:47","date_gmt":"2016-03-30T14:53:47","guid":{"rendered":"http:\/\/www.ludwig-die-stadtmaus.de\/?p=260"},"modified":"2017-08-05T12:17:32","modified_gmt":"2017-08-05T10:17:32","slug":"eine-neue-alte-geschichte-ueber-ludwig-die-stadtmaus","status":"publish","type":"post","link":"https:\/\/www.ludwig-die-stadtmaus.de\/?p=260","title":{"rendered":"Neue alte Geschichten \u00fcber Ludwig die Stadtmaus im BT"},"content":{"rendered":"<p><a href=\"https:\/\/i0.wp.com\/www.ludwig-die-stadtmaus.de\/wp-content\/uploads\/2016\/03\/BT-vom-19.03.2016.jpg\"><img data-recalc-dims=\"1\" loading=\"lazy\" decoding=\"async\" data-attachment-id=\"259\" data-permalink=\"https:\/\/www.ludwig-die-stadtmaus.de\/?attachment_id=259\" data-orig-file=\"https:\/\/i0.wp.com\/www.ludwig-die-stadtmaus.de\/wp-content\/uploads\/2016\/03\/BT-vom-19.03.2016.jpg?fit=3393%2C3998&amp;ssl=1\" data-orig-size=\"3393,3998\" data-comments-opened=\"1\" data-image-meta=\"{&quot;aperture&quot;:&quot;0&quot;,&quot;credit&quot;:&quot;&quot;,&quot;camera&quot;:&quot;&quot;,&quot;caption&quot;:&quot;&quot;,&quot;created_timestamp&quot;:&quot;0&quot;,&quot;copyright&quot;:&quot;&quot;,&quot;focal_length&quot;:&quot;0&quot;,&quot;iso&quot;:&quot;0&quot;,&quot;shutter_speed&quot;:&quot;0&quot;,&quot;title&quot;:&quot;&quot;,&quot;orientation&quot;:&quot;1&quot;}\" data-image-title=\"BT vom 19.03.2016\" data-image-description=\"\" data-image-caption=\"\" data-large-file=\"https:\/\/i0.wp.com\/www.ludwig-die-stadtmaus.de\/wp-content\/uploads\/2016\/03\/BT-vom-19.03.2016.jpg?fit=640%2C754&amp;ssl=1\" class=\"alignnone size-medium wp-image-259\" src=\"https:\/\/i0.wp.com\/www.ludwig-die-stadtmaus.de\/wp-content\/uploads\/2016\/03\/BT-vom-19.03.2016-255x300.jpg?resize=255%2C300\" alt=\"BT vom 19.03.2016\" width=\"255\" height=\"300\" srcset=\"https:\/\/i0.wp.com\/www.ludwig-die-stadtmaus.de\/wp-content\/uploads\/2016\/03\/BT-vom-19.03.2016.jpg?resize=255%2C300&amp;ssl=1 255w, https:\/\/i0.wp.com\/www.ludwig-die-stadtmaus.de\/wp-content\/uploads\/2016\/03\/BT-vom-19.03.2016.jpg?resize=768%2C905&amp;ssl=1 768w, https:\/\/i0.wp.com\/www.ludwig-die-stadtmaus.de\/wp-content\/uploads\/2016\/03\/BT-vom-19.03.2016.jpg?resize=869%2C1024&amp;ssl=1 869w, https:\/\/i0.wp.com\/www.ludwig-die-stadtmaus.de\/wp-content\/uploads\/2016\/03\/BT-vom-19.03.2016.jpg?w=1280&amp;ssl=1 1280w, https:\/\/i0.wp.com\/www.ludwig-die-stadtmaus.de\/wp-content\/uploads\/2016\/03\/BT-vom-19.03.2016.jpg?w=1920&amp;ssl=1 1920w\" sizes=\"auto, (max-width: 255px) 100vw, 255px\" \/><\/a><\/p>\n","protected":false},"excerpt":{"rendered":"","protected":false},"author":2,"featured_media":0,"comment_status":"open","ping_status":"open","sticky":false,"template":"","format":"standard","meta":{"jetpack_post_was_ever_published":false,"_jetpack_newsletter_access":"","_jetpack_dont_email_post_to_subs":false,"_jetpack_newsletter_tier_id":0,"_jetpack_memberships_contains_paywalled_content":false,"_jetpack_memberships_contains_paid_content":false,"footnotes":"","jetpack_publicize_message":"","jetpack_publicize_feature_enabled":true,"jetpack_social_post_already_shared":false,"jetpack_social_options":{"image_generator_settings":{"template":"highway","default_image_id":0,"font":"","enabled":false},"version":2}},"categories":[1],"tags":[],"class_list":["post-260","post","type-post","status-publish","format-standard","hentry","category-allgemein"],"jetpack_publicize_connections":[],"jetpack_featured_media_url":"","jetpack_sharing_enabled":true,"jetpack_shortlink":"https:\/\/wp.me\/p8feVa-4c","jetpack-related-posts":[{"id":244,"url":"https:\/\/www.ludwig-die-stadtmaus.de\/?p=244","url_meta":{"origin":260,"position":0},"title":"Neue alte Geschichten von Ludwig die Stadtmaus vorgestellt","author":"Ludwig die Stadtmaus","date":"2. November 2015","format":false,"excerpt":"Offizielle Buchpr\u00e4sentation zum Folgeband von Ludwig die Stadtmaus","rel":"","context":"In &quot;Allgemein&quot;","block_context":{"text":"Allgemein","link":"https:\/\/www.ludwig-die-stadtmaus.de\/?cat=1"},"img":{"alt_text":"BT 24.10.2015","src":"https:\/\/i0.wp.com\/www.ludwig-die-stadtmaus.de\/wp-content\/uploads\/2015\/11\/BT241015-297x300.jpg?resize=350%2C200","width":350,"height":200},"classes":[]},{"id":683,"url":"https:\/\/www.ludwig-die-stadtmaus.de\/?p=683","url_meta":{"origin":260,"position":1},"title":"Neue spannende Geschichten von Ludwig der Stadtmaus ab sofort erh\u00e4ltlich&#8230;","author":"Ludwig die Stadtmaus","date":"13. November 2020","format":false,"excerpt":"Ab dieser Woche sind nun endlich die neuen Geschichten rund um Ludwig die Stadtmaus und seinen treuen Weggef\u00e4hrten im Fachhandel erh\u00e4ltlich. Neue Abenteuer erleben Ludwig die Stadtmaus und seine Freunde Siri und Bonnie, Matteo und Lennox, sowie Ma\u00ebllo, und Manolo in Rastatt, Durmersheim, Elchesheim-Illingen, in Sinzheim, Baden-Baden und Iffezheim.Vor 300\u2026","rel":"","context":"In &quot;Allgemein&quot;","block_context":{"text":"Allgemein","link":"https:\/\/www.ludwig-die-stadtmaus.de\/?cat=1"},"img":{"alt_text":"","src":"https:\/\/i0.wp.com\/www.ludwig-die-stadtmaus.de\/wp-content\/uploads\/2020\/11\/Ludwig-4-e1605269265321.jpg?resize=350%2C200&ssl=1","width":350,"height":200,"srcset":"https:\/\/i0.wp.com\/www.ludwig-die-stadtmaus.de\/wp-content\/uploads\/2020\/11\/Ludwig-4-e1605269265321.jpg?resize=350%2C200&ssl=1 1x, https:\/\/i0.wp.com\/www.ludwig-die-stadtmaus.de\/wp-content\/uploads\/2020\/11\/Ludwig-4-e1605269265321.jpg?resize=525%2C300&ssl=1 1.5x, https:\/\/i0.wp.com\/www.ludwig-die-stadtmaus.de\/wp-content\/uploads\/2020\/11\/Ludwig-4-e1605269265321.jpg?resize=700%2C400&ssl=1 2x"},"classes":[]},{"id":381,"url":"https:\/\/www.ludwig-die-stadtmaus.de\/?p=381","url_meta":{"origin":260,"position":2},"title":"Ludwig die Stadtmaus und Hans Peter Faller in Berlin","author":"Ludwig die Stadtmaus","date":"6. Juli 2017","format":false,"excerpt":"Hans Peter Faller und seine Frau sind am Freitag, dem 8. September 2017 G\u00e4ste des Bundespr\u00e4sidenten Frank Walter Steinmeier und seiner Frau Elke B\u00fcdenbender beim B\u00fcrgerfest im Park des Schlosses Bellevue in Berlin. Auf Anregung der Bundestagsabgeordneten Frau Gabriele Katzmarek wurde die Einladung ausgesprochen. Im Zentrum des B\u00fcrgerfestes steht das\u2026","rel":"","context":"In &quot;Allgemein&quot;","block_context":{"text":"Allgemein","link":"https:\/\/www.ludwig-die-stadtmaus.de\/?cat=1"},"img":{"alt_text":"","src":"","width":0,"height":0},"classes":[]},{"id":164,"url":"https:\/\/www.ludwig-die-stadtmaus.de\/?p=164","url_meta":{"origin":260,"position":3},"title":"Ludwig die Stadtmaus im Badischen Tageblatt vom 29.11.2014","author":"Ludwig die Stadtmaus","date":"29. November 2014","format":false,"excerpt":"","rel":"","context":"In &quot;Allgemein&quot;","block_context":{"text":"Allgemein","link":"https:\/\/www.ludwig-die-stadtmaus.de\/?cat=1"},"img":{"alt_text":"Pressebericht BT 29.11.2014","src":"https:\/\/i0.wp.com\/www.ludwig-die-stadtmaus.de\/wp-content\/uploads\/2014\/11\/BT29112014-low-300x248.jpg?resize=350%2C200","width":350,"height":200},"classes":[]},{"id":173,"url":"https:\/\/www.ludwig-die-stadtmaus.de\/?p=173","url_meta":{"origin":260,"position":4},"title":"Ludwig die Stadtmaus im Badischen Tageblatt vom 06.12.2014","author":"Ludwig die Stadtmaus","date":"8. Dezember 2014","format":false,"excerpt":"","rel":"","context":"In &quot;Allgemein&quot;","block_context":{"text":"Allgemein","link":"https:\/\/www.ludwig-die-stadtmaus.de\/?cat=1"},"img":{"alt_text":"Pressebericht BT 06.12.2014","src":"https:\/\/i0.wp.com\/www.ludwig-die-stadtmaus.de\/wp-content\/uploads\/2014\/11\/Stadtmaus06122014-300x217.jpg?resize=350%2C200","width":350,"height":200},"classes":[]},{"id":292,"url":"https:\/\/www.ludwig-die-stadtmaus.de\/?p=292","url_meta":{"origin":260,"position":5},"title":"Entdeckungstour mit Ludwig und der Klasse 3a im Wehrgeschichtlichen Museum Rastatt","author":"Ludwig die Stadtmaus","date":"6. Juli 2016","format":false,"excerpt":"","rel":"","context":"In &quot;Allgemein&quot;","block_context":{"text":"Allgemein","link":"https:\/\/www.ludwig-die-stadtmaus.de\/?cat=1"},"img":{"alt_text":"BT vom 05.07.16","src":"https:\/\/i0.wp.com\/www.ludwig-die-stadtmaus.de\/wp-content\/uploads\/2016\/07\/BT-vom-05.07.16-1024x516.jpg?resize=350%2C200","width":350,"height":200,"srcset":"https:\/\/i0.wp.com\/www.ludwig-die-stadtmaus.de\/wp-content\/uploads\/2016\/07\/BT-vom-05.07.16-1024x516.jpg?resize=350%2C200 1x, https:\/\/i0.wp.com\/www.ludwig-die-stadtmaus.de\/wp-content\/uploads\/2016\/07\/BT-vom-05.07.16-1024x516.jpg?resize=525%2C300 1.5x"},"classes":[]}],"_links":{"self":[{"href":"https:\/\/www.ludwig-die-stadtmaus.de\/index.php?rest_route=\/wp\/v2\/posts\/260","targetHints":{"allow":["GET"]}}],"collection":[{"href":"https:\/\/www.ludwig-die-stadtmaus.de\/index.php?rest_route=\/wp\/v2\/posts"}],"about":[{"href":"https:\/\/www.ludwig-die-stadtmaus.de\/index.php?rest_route=\/wp\/v2\/types\/post"}],"author":[{"embeddable":true,"href":"https:\/\/www.ludwig-die-stadtmaus.de\/index.php?rest_route=\/wp\/v2\/users\/2"}],"replies":[{"embeddable":true,"href":"https:\/\/www.ludwig-die-stadtmaus.de\/index.php?rest_route=%2Fwp%2Fv2%2Fcomments&post=260"}],"version-history":[{"count":5,"href":"https:\/\/www.ludwig-die-stadtmaus.de\/index.php?rest_route=\/wp\/v2\/posts\/260\/revisions"}],"predecessor-version":[{"id":301,"href":"https:\/\/www.ludwig-die-stadtmaus.de\/index.php?rest_route=\/wp\/v2\/posts\/260\/revisions\/301"}],"wp:attachment":[{"href":"https:\/\/www.ludwig-die-stadtmaus.de\/index.php?rest_route=%2Fwp%2Fv2%2Fmedia&parent=260"}],"wp:term":[{"taxonomy":"category","embeddable":true,"href":"https:\/\/www.ludwig-die-stadtmaus.de\/index.php?rest_route=%2Fwp%2Fv2%2Fcategories&post=260"},{"taxonomy":"post_tag","embeddable":true,"href":"https:\/\/www.ludwig-die-stadtmaus.de\/index.php?rest_route=%2Fwp%2Fv2%2Ftags&post=260"}],"curies":[{"name":"wp","href":"https:\/\/api.w.org\/{rel}","templated":true}]}}