{"id":202,"date":"2015-05-22T10:54:44","date_gmt":"2015-05-22T08:54:44","guid":{"rendered":"http:\/\/www.ludwig-die-stadtmaus.de\/?p=202"},"modified":"2015-05-22T10:59:42","modified_gmt":"2015-05-22T08:59:42","slug":"die-stadtmaus-bei-der-eroeffnung-der-schlossgalerie-rastatt","status":"publish","type":"post","link":"https:\/\/www.ludwig-die-stadtmaus.de\/?p=202","title":{"rendered":"Die Stadtmaus bei der Er\u00f6ffnung der Schlo\u00dfgalerie Rastatt"},"content":{"rendered":"<p>Bei der offiziellen Er\u00f6ffnung der Schlo\u00dfgalerie in Rastatt durfte Ludwig, die Stadtmaus nat\u00fcrlich nicht fehlen&#8230;<\/p>\n<p><div id=\"attachment_189\" style=\"width: 217px\" class=\"wp-caption alignnone\"><a href=\"https:\/\/i0.wp.com\/www.ludwig-die-stadtmaus.de\/wp-content\/uploads\/2015\/05\/BT01.jpg\"><img data-recalc-dims=\"1\" loading=\"lazy\" decoding=\"async\" aria-describedby=\"caption-attachment-189\" data-attachment-id=\"189\" data-permalink=\"https:\/\/www.ludwig-die-stadtmaus.de\/?attachment_id=189\" data-orig-file=\"https:\/\/i0.wp.com\/www.ludwig-die-stadtmaus.de\/wp-content\/uploads\/2015\/05\/BT01.jpg?fit=2360%2C3420&amp;ssl=1\" data-orig-size=\"2360,3420\" data-comments-opened=\"1\" data-image-meta=\"{&quot;aperture&quot;:&quot;0&quot;,&quot;credit&quot;:&quot;&quot;,&quot;camera&quot;:&quot;&quot;,&quot;caption&quot;:&quot;&quot;,&quot;created_timestamp&quot;:&quot;0&quot;,&quot;copyright&quot;:&quot;&quot;,&quot;focal_length&quot;:&quot;0&quot;,&quot;iso&quot;:&quot;0&quot;,&quot;shutter_speed&quot;:&quot;0&quot;,&quot;title&quot;:&quot;&quot;,&quot;orientation&quot;:&quot;1&quot;}\" data-image-title=\"BT01\" data-image-description=\"\" data-image-caption=\"&lt;p&gt;BT 05\/2015&lt;\/p&gt;\n\" data-large-file=\"https:\/\/i0.wp.com\/www.ludwig-die-stadtmaus.de\/wp-content\/uploads\/2015\/05\/BT01.jpg?fit=640%2C927&amp;ssl=1\" class=\"size-medium wp-image-189\" src=\"https:\/\/i0.wp.com\/www.ludwig-die-stadtmaus.de\/wp-content\/uploads\/2015\/05\/BT01-207x300.jpg?resize=207%2C300\" alt=\"BT 02.05.2015\" width=\"207\" height=\"300\" srcset=\"https:\/\/i0.wp.com\/www.ludwig-die-stadtmaus.de\/wp-content\/uploads\/2015\/05\/BT01.jpg?resize=207%2C300&amp;ssl=1 207w, https:\/\/i0.wp.com\/www.ludwig-die-stadtmaus.de\/wp-content\/uploads\/2015\/05\/BT01.jpg?resize=707%2C1024&amp;ssl=1 707w, https:\/\/i0.wp.com\/www.ludwig-die-stadtmaus.de\/wp-content\/uploads\/2015\/05\/BT01.jpg?w=1280&amp;ssl=1 1280w, https:\/\/i0.wp.com\/www.ludwig-die-stadtmaus.de\/wp-content\/uploads\/2015\/05\/BT01.jpg?w=1920&amp;ssl=1 1920w\" sizes=\"auto, (max-width: 207px) 100vw, 207px\" \/><\/a><p id=\"caption-attachment-189\" class=\"wp-caption-text\">BT 02.05.2015<\/p><\/div><\/p>\n","protected":false},"excerpt":{"rendered":"<p>Bei der offiziellen Er\u00f6ffnung der Schlo\u00dfgalerie in Rastatt durfte Ludwig, die Stadtmaus nat\u00fcrlich nicht fehlen&#8230;<\/p>\n","protected":false},"author":2,"featured_media":0,"comment_status":"open","ping_status":"open","sticky":false,"template":"","format":"standard","meta":{"jetpack_post_was_ever_published":false,"_jetpack_newsletter_access":"","_jetpack_dont_email_post_to_subs":false,"_jetpack_newsletter_tier_id":0,"_jetpack_memberships_contains_paywalled_content":false,"_jetpack_memberships_contains_paid_content":false,"footnotes":"","jetpack_publicize_message":"","jetpack_publicize_feature_enabled":true,"jetpack_social_post_already_shared":false,"jetpack_social_options":{"image_generator_settings":{"template":"highway","default_image_id":0,"font":"","enabled":false},"version":2}},"categories":[1],"tags":[],"class_list":["post-202","post","type-post","status-publish","format-standard","hentry","category-allgemein"],"jetpack_publicize_connections":[],"jetpack_featured_media_url":"","jetpack_sharing_enabled":true,"jetpack_shortlink":"https:\/\/wp.me\/p8feVa-3g","jetpack-related-posts":[{"id":266,"url":"https:\/\/www.ludwig-die-stadtmaus.de\/?p=266","url_meta":{"origin":202,"position":0},"title":"Ludwig die Stadtmaus im TV","author":"Ludwig die Stadtmaus","date":"30. M\u00e4rz 2016","format":false,"excerpt":"Ludwig die Stadtmaus wei\u00df, was Kinder toll finden. Der kecke Nager l\u00e4dt alle Kinder auf eine ungw\u00f6hnliche Entdeckungstour druch Rastatt ein: Eine Stadtf\u00fchrung in Anlehnung an ein 2013 erschienenes Kinderbuch. (Quelle: SWR\/Landesschau)","rel":"","context":"In &quot;Allgemein&quot;","block_context":{"text":"Allgemein","link":"https:\/\/www.ludwig-die-stadtmaus.de\/?cat=1"},"img":{"alt_text":"","src":"","width":0,"height":0},"classes":[]},{"id":353,"url":"https:\/\/www.ludwig-die-stadtmaus.de\/?p=353","url_meta":{"origin":202,"position":1},"title":"So. 02.04.2017 &#8211; Lesung zum Internationalen Kinderbuchtag im Info-Center Tunnel Rastatt","author":"Ludwig die Stadtmaus","date":"9. M\u00e4rz 2017","format":false,"excerpt":"","rel":"","context":"In &quot;Allgemein&quot;","block_context":{"text":"Allgemein","link":"https:\/\/www.ludwig-die-stadtmaus.de\/?cat=1"},"img":{"alt_text":"","src":"https:\/\/i0.wp.com\/www.ludwig-die-stadtmaus.de\/wp-content\/uploads\/2017\/03\/Bahn-Plakat-2017-2-224x300.jpg?resize=350%2C200","width":350,"height":200},"classes":[]},{"id":292,"url":"https:\/\/www.ludwig-die-stadtmaus.de\/?p=292","url_meta":{"origin":202,"position":2},"title":"Entdeckungstour mit Ludwig und der Klasse 3a im Wehrgeschichtlichen Museum Rastatt","author":"Ludwig die Stadtmaus","date":"6. Juli 2016","format":false,"excerpt":"","rel":"","context":"In &quot;Allgemein&quot;","block_context":{"text":"Allgemein","link":"https:\/\/www.ludwig-die-stadtmaus.de\/?cat=1"},"img":{"alt_text":"BT vom 05.07.16","src":"https:\/\/i0.wp.com\/www.ludwig-die-stadtmaus.de\/wp-content\/uploads\/2016\/07\/BT-vom-05.07.16-1024x516.jpg?resize=350%2C200","width":350,"height":200,"srcset":"https:\/\/i0.wp.com\/www.ludwig-die-stadtmaus.de\/wp-content\/uploads\/2016\/07\/BT-vom-05.07.16-1024x516.jpg?resize=350%2C200 1x, https:\/\/i0.wp.com\/www.ludwig-die-stadtmaus.de\/wp-content\/uploads\/2016\/07\/BT-vom-05.07.16-1024x516.jpg?resize=525%2C300 1.5x"},"classes":[]},{"id":683,"url":"https:\/\/www.ludwig-die-stadtmaus.de\/?p=683","url_meta":{"origin":202,"position":3},"title":"Neue spannende Geschichten von Ludwig der Stadtmaus ab sofort erh\u00e4ltlich&#8230;","author":"Ludwig die Stadtmaus","date":"13. November 2020","format":false,"excerpt":"Ab dieser Woche sind nun endlich die neuen Geschichten rund um Ludwig die Stadtmaus und seinen treuen Weggef\u00e4hrten im Fachhandel erh\u00e4ltlich. Neue Abenteuer erleben Ludwig die Stadtmaus und seine Freunde Siri und Bonnie, Matteo und Lennox, sowie Ma\u00ebllo, und Manolo in Rastatt, Durmersheim, Elchesheim-Illingen, in Sinzheim, Baden-Baden und Iffezheim.Vor 300\u2026","rel":"","context":"In &quot;Allgemein&quot;","block_context":{"text":"Allgemein","link":"https:\/\/www.ludwig-die-stadtmaus.de\/?cat=1"},"img":{"alt_text":"","src":"https:\/\/i0.wp.com\/www.ludwig-die-stadtmaus.de\/wp-content\/uploads\/2020\/11\/Ludwig-4-e1605269265321.jpg?resize=350%2C200&ssl=1","width":350,"height":200,"srcset":"https:\/\/i0.wp.com\/www.ludwig-die-stadtmaus.de\/wp-content\/uploads\/2020\/11\/Ludwig-4-e1605269265321.jpg?resize=350%2C200&ssl=1 1x, https:\/\/i0.wp.com\/www.ludwig-die-stadtmaus.de\/wp-content\/uploads\/2020\/11\/Ludwig-4-e1605269265321.jpg?resize=525%2C300&ssl=1 1.5x, https:\/\/i0.wp.com\/www.ludwig-die-stadtmaus.de\/wp-content\/uploads\/2020\/11\/Ludwig-4-e1605269265321.jpg?resize=700%2C400&ssl=1 2x"},"classes":[]},{"id":307,"url":"https:\/\/www.ludwig-die-stadtmaus.de\/?p=307","url_meta":{"origin":202,"position":4},"title":"Aus Ludwig die Stadtmaus wird &#8222;Louis, la souris citadine&#8220;","author":"Ludwig die Stadtmaus","date":"31. Juli 2016","format":false,"excerpt":"","rel":"","context":"In &quot;Allgemein&quot;","block_context":{"text":"Allgemein","link":"https:\/\/www.ludwig-die-stadtmaus.de\/?cat=1"},"img":{"alt_text":"Stadtmaus Pressetermin RA BT","src":"https:\/\/i0.wp.com\/www.ludwig-die-stadtmaus.de\/wp-content\/uploads\/2014\/11\/Stadtmaus-Pressetermin-1024x635.jpg?resize=350%2C200","width":350,"height":200,"srcset":"https:\/\/i0.wp.com\/www.ludwig-die-stadtmaus.de\/wp-content\/uploads\/2014\/11\/Stadtmaus-Pressetermin-1024x635.jpg?resize=350%2C200 1x, https:\/\/i0.wp.com\/www.ludwig-die-stadtmaus.de\/wp-content\/uploads\/2014\/11\/Stadtmaus-Pressetermin-1024x635.jpg?resize=525%2C300 1.5x"},"classes":[]},{"id":244,"url":"https:\/\/www.ludwig-die-stadtmaus.de\/?p=244","url_meta":{"origin":202,"position":5},"title":"Neue alte Geschichten von Ludwig die Stadtmaus vorgestellt","author":"Ludwig die Stadtmaus","date":"2. November 2015","format":false,"excerpt":"Offizielle Buchpr\u00e4sentation zum Folgeband von Ludwig die Stadtmaus","rel":"","context":"In &quot;Allgemein&quot;","block_context":{"text":"Allgemein","link":"https:\/\/www.ludwig-die-stadtmaus.de\/?cat=1"},"img":{"alt_text":"BT 24.10.2015","src":"https:\/\/i0.wp.com\/www.ludwig-die-stadtmaus.de\/wp-content\/uploads\/2015\/11\/BT241015-297x300.jpg?resize=350%2C200","width":350,"height":200},"classes":[]}],"_links":{"self":[{"href":"https:\/\/www.ludwig-die-stadtmaus.de\/index.php?rest_route=\/wp\/v2\/posts\/202","targetHints":{"allow":["GET"]}}],"collection":[{"href":"https:\/\/www.ludwig-die-stadtmaus.de\/index.php?rest_route=\/wp\/v2\/posts"}],"about":[{"href":"https:\/\/www.ludwig-die-stadtmaus.de\/index.php?rest_route=\/wp\/v2\/types\/post"}],"author":[{"embeddable":true,"href":"https:\/\/www.ludwig-die-stadtmaus.de\/index.php?rest_route=\/wp\/v2\/users\/2"}],"replies":[{"embeddable":true,"href":"https:\/\/www.ludwig-die-stadtmaus.de\/index.php?rest_route=%2Fwp%2Fv2%2Fcomments&post=202"}],"version-history":[{"count":7,"href":"https:\/\/www.ludwig-die-stadtmaus.de\/index.php?rest_route=\/wp\/v2\/posts\/202\/revisions"}],"predecessor-version":[{"id":209,"href":"https:\/\/www.ludwig-die-stadtmaus.de\/index.php?rest_route=\/wp\/v2\/posts\/202\/revisions\/209"}],"wp:attachment":[{"href":"https:\/\/www.ludwig-die-stadtmaus.de\/index.php?rest_route=%2Fwp%2Fv2%2Fmedia&parent=202"}],"wp:term":[{"taxonomy":"category","embeddable":true,"href":"https:\/\/www.ludwig-die-stadtmaus.de\/index.php?rest_route=%2Fwp%2Fv2%2Fcategories&post=202"},{"taxonomy":"post_tag","embeddable":true,"href":"https:\/\/www.ludwig-die-stadtmaus.de\/index.php?rest_route=%2Fwp%2Fv2%2Ftags&post=202"}],"curies":[{"name":"wp","href":"https:\/\/api.w.org\/{rel}","templated":true}]}}